{"id":1032,"date":"2024-08-07T23:24:53","date_gmt":"2024-08-07T21:24:53","guid":{"rendered":"https:\/\/acbirpichincha.com.ec\/?p=1032"},"modified":"2024-10-22T22:08:21","modified_gmt":"2024-10-22T20:08:21","slug":"ix-congreso-inmobiliario-latinoamericano-cila-ecuador-2024","status":"publish","type":"post","link":"https:\/\/acbirpichincha.com.ec\/index.php\/2024\/08\/07\/ix-congreso-inmobiliario-latinoamericano-cila-ecuador-2024\/","title":{"rendered":"IX CONGRESO INMOBILIARIO LATINOAMERICANO CILA ECUADOR 2024"},"content":{"rendered":"\t\t<div data-elementor-type=\"wp-post\" data-elementor-id=\"1032\" class=\"elementor elementor-1032\" data-elementor-post-type=\"post\">\n\t\t\t\t<div class=\"elementor-element elementor-element-8e28c96 e-flex e-con-boxed e-con e-parent\" data-id=\"8e28c96\" data-element_type=\"container\" data-e-type=\"container\">\n\t\t\t\t\t<div class=\"e-con-inner\">\n\t\t\t\t<div class=\"elementor-element elementor-element-6329840 elementor-widget elementor-widget-image\" data-id=\"6329840\" data-element_type=\"widget\" data-e-type=\"widget\" data-widget_type=\"image.default\">\n\t\t\t\t<div class=\"elementor-widget-container\">\n\t\t\t\t\t\t\t\t\t\t\t\t\t\t\t<img fetchpriority=\"high\" decoding=\"async\" width=\"2560\" height=\"1124\" src=\"https:\/\/acbirpichincha.com.ec\/wp-content\/uploads\/2024\/08\/Portada-1-scaled.png\" class=\"attachment-full size-full wp-image-1034\" alt=\"\" srcset=\"https:\/\/acbirpichincha.com.ec\/wp-content\/uploads\/2024\/08\/Portada-1-scaled.png 2560w, https:\/\/acbirpichincha.com.ec\/wp-content\/uploads\/2024\/08\/Portada-1-600x263.png 600w, https:\/\/acbirpichincha.com.ec\/wp-content\/uploads\/2024\/08\/Portada-1-300x132.png 300w, https:\/\/acbirpichincha.com.ec\/wp-content\/uploads\/2024\/08\/Portada-1-1024x450.png 1024w, https:\/\/acbirpichincha.com.ec\/wp-content\/uploads\/2024\/08\/Portada-1-768x337.png 768w, https:\/\/acbirpichincha.com.ec\/wp-content\/uploads\/2024\/08\/Portada-1-1536x674.png 1536w, https:\/\/acbirpichincha.com.ec\/wp-content\/uploads\/2024\/08\/Portada-1-2048x899.png 2048w\" sizes=\"(max-width: 2560px) 100vw, 2560px\" \/>\t\t\t\t\t\t\t\t\t\t\t\t\t\t\t<\/div>\n\t\t\t\t<\/div>\n\t\t\t\t\t<\/div>\n\t\t\t\t<\/div>\n\t\t<div class=\"elementor-element elementor-element-0224cf5 e-flex e-con-boxed e-con e-parent\" data-id=\"0224cf5\" data-element_type=\"container\" data-e-type=\"container\">\n\t\t\t\t\t<div class=\"e-con-inner\">\n\t\t\t\t<div class=\"elementor-element elementor-element-6b469f8 elementor-widget elementor-widget-text-editor\" data-id=\"6b469f8\" data-element_type=\"widget\" data-e-type=\"widget\" data-widget_type=\"text-editor.default\">\n\t\t\t\t<div class=\"elementor-widget-container\">\n\t\t\t\t\t\t\t\t\t<p style=\"text-align: left;\">Es el evento m\u00e1s importante de la industria inmobiliaria en<br \/>Latinoam\u00e9rica que reunir\u00e1 en Ecuador, a los principales exponentes,<br \/>asociaciones y organizaciones del sector, con el objetivo de promover<br \/>el intercambio de conocimientos y experiencias. Generando<br \/>innovaci\u00f3n y crecimiento sostenible en la gesti\u00f3n y comercializaci\u00f3n<br \/>de los bienes ra\u00edces.<\/p><p style=\"text-align: left;\">\u00danete para compartir las \u00faltimas tendencias, estrategias y<br \/>oportunidades de negocio en el \u00e1rea inmobiliaria.<\/p><p style=\"text-align: left;\">Contribuye al fortalecimiento y la profesionalizaci\u00f3n de la industria inmobiliaria<br \/>a nivel local, a trav\u00e9s de la actualizaci\u00f3n de conocimientos, centrando su gesti\u00f3n<br \/>en cuatro ejes: inteligencia artificial en el campo de los bienes ra\u00edces, principales<br \/>actores que intervienen en la inversi\u00f3n inmobiliaria en el Ecuador, programaci\u00f3n<br \/>neuroling\u00fc\u00edstica aplicada a las ventas e inversiones sustentables. Adem\u00e1s,<br \/>dise\u00f1ar\u00e1 un entorno propicio para el networking, la creaci\u00f3n de relaciones<br \/>comerciales, la construcci\u00f3n de contactos claves en el sector y la identificaci\u00f3n<br \/>de nuevas oportunidades de negocio en el mercado.<\/p><p style=\"text-align: left;\">Es un evento organizado por la Federaci\u00f3n Nacional de Corredores de Bienes<br \/>Ra\u00edces del Ecuador (FENACBRE) en colaboraci\u00f3n con la Confederaci\u00f3n<br \/>Inmobiliaria Latinoamericana (CILA) organizaci\u00f3n privada que agrupa a las<br \/>principales instituciones del sector inmobiliario en Latinoam\u00e9rica.<\/p><p style=\"text-align: left;\">\u25ca Representantes de las alianzas internacionales pertenecientes a CILA:<br \/>\u2022 International Real Estate Federation (FIABCI)<br \/>\u2022 National Association of Realtors\u00ae (NAR)<br \/>\u2022 Asian Real Estate Association of America (AREAA)<br \/>\u2022 Tiburones Inmobiliarios<br \/>\u2022 Invest in Dubai<br \/>\u2022 MIPIM \u00ae<br \/>\u2022 MIAMI Realtors\u00ae<br \/>\u2022 Real Estate Business Institute<br \/>\u2022 Realtors Broward, Palm Beaches, St. Lucie<\/p><p style=\"text-align: left;\">\u25ca Miembros de los 18 pa\u00edses afiliados a la Confederaci\u00f3n Inmobiliaria<br \/>Latinoamericana (CILA).<\/p><p style=\"text-align: left;\">\u25ca Asociaciones Provinciales miembros de la Federaci\u00f3n Nacional de<br \/>Corredores de Bienes Ra\u00edces del Ecuador (FENACBRE) .<\/p>\t\t\t\t\t\t\t\t<\/div>\n\t\t\t\t<\/div>\n\t\t\t\t\t<\/div>\n\t\t\t\t<\/div>\n\t\t<div class=\"elementor-element elementor-element-6eee525 e-con-full e-flex e-con e-parent\" data-id=\"6eee525\" data-element_type=\"container\" data-e-type=\"container\">\n\t\t\t\t<div class=\"elementor-element elementor-element-c11f1a2 elementor--h-position-center elementor--v-position-middle elementor-arrows-position-inside elementor-pagination-position-inside elementor-widget elementor-widget-slides\" data-id=\"c11f1a2\" data-element_type=\"widget\" data-e-type=\"widget\" data-settings=\"{&quot;navigation&quot;:&quot;both&quot;,&quot;autoplay&quot;:&quot;yes&quot;,&quot;pause_on_hover&quot;:&quot;yes&quot;,&quot;pause_on_interaction&quot;:&quot;yes&quot;,&quot;autoplay_speed&quot;:5000,&quot;infinite&quot;:&quot;yes&quot;,&quot;transition&quot;:&quot;slide&quot;,&quot;transition_speed&quot;:500}\" data-widget_type=\"slides.default\">\n\t\t\t\t<div class=\"elementor-widget-container\">\n\t\t\t\t\t\t\t<div class=\"elementor-swiper\">\n\t\t\t<div class=\"elementor-slides-wrapper elementor-main-swiper swiper-container\" dir=\"ltr\" data-animation=\"fadeInUp\">\n\t\t\t\t<div class=\"swiper-wrapper elementor-slides\">\n\t\t\t\t\t\t\t\t\t\t<div class=\"elementor-repeater-item-aea52bc swiper-slide\"><div class=\"swiper-slide-bg\" role=\"img\"><\/div><div class=\"swiper-slide-inner\" ><div class=\"swiper-slide-contents\"><\/div><\/div><\/div><div class=\"elementor-repeater-item-dddb236 swiper-slide\"><div class=\"swiper-slide-bg\" role=\"img\"><\/div><div class=\"swiper-slide-inner\" ><div class=\"swiper-slide-contents\"><\/div><\/div><\/div><div class=\"elementor-repeater-item-f9bbcd1 swiper-slide\"><div class=\"swiper-slide-bg\" role=\"img\"><\/div><div class=\"swiper-slide-inner\" ><div class=\"swiper-slide-contents\"><\/div><\/div><\/div><div class=\"elementor-repeater-item-8698c34 swiper-slide\"><div class=\"swiper-slide-bg\" role=\"img\"><\/div><div class=\"swiper-slide-inner\" ><div class=\"swiper-slide-contents\"><\/div><\/div><\/div><div class=\"elementor-repeater-item-7fe1828 swiper-slide\"><div class=\"swiper-slide-bg\" role=\"img\"><\/div><div class=\"swiper-slide-inner\" ><div class=\"swiper-slide-contents\"><\/div><\/div><\/div>\t\t\t\t<\/div>\n\t\t\t\t\t\t\t\t\t\t\t\t\t\t\t<div class=\"swiper-pagination\"><\/div>\n\t\t\t\t\t\t\t\t\t\t\t\t\t\t\t\t<div class=\"elementor-swiper-button elementor-swiper-button-prev\" role=\"button\" tabindex=\"0\">\n\t\t\t\t\t\t\t<svg aria-hidden=\"true\" class=\"e-font-icon-svg e-eicon-chevron-left\" viewBox=\"0 0 1000 1000\" xmlns=\"http:\/\/www.w3.org\/2000\/svg\"><path d=\"M646 125C629 125 613 133 604 142L308 442C296 454 292 471 292 487 292 504 296 521 308 533L604 854C617 867 629 875 646 875 663 875 679 871 692 858 704 846 713 829 713 812 713 796 708 779 692 767L438 487 692 225C700 217 708 204 708 187 708 171 704 154 692 142 675 129 663 125 646 125Z\"><\/path><\/svg>\t\t\t\t\t\t\t<span class=\"elementor-screen-only\">Previous slide<\/span>\n\t\t\t\t\t\t<\/div>\n\t\t\t\t\t\t<div class=\"elementor-swiper-button elementor-swiper-button-next\" role=\"button\" tabindex=\"0\">\n\t\t\t\t\t\t\t<svg aria-hidden=\"true\" class=\"e-font-icon-svg e-eicon-chevron-right\" viewBox=\"0 0 1000 1000\" xmlns=\"http:\/\/www.w3.org\/2000\/svg\"><path d=\"M696 533C708 521 713 504 713 487 713 471 708 454 696 446L400 146C388 133 375 125 354 125 338 125 325 129 313 142 300 154 292 171 292 187 292 204 296 221 308 233L563 492 304 771C292 783 288 800 288 817 288 833 296 850 308 863 321 871 338 875 354 875 371 875 388 867 400 854L696 533Z\"><\/path><\/svg>\t\t\t\t\t\t\t<span class=\"elementor-screen-only\">Next slide<\/span>\n\t\t\t\t\t\t<\/div>\n\t\t\t\t\t\t\t\t\t\t\t\t<\/div>\n\t\t<\/div>\n\t\t\t\t\t\t<\/div>\n\t\t\t\t<\/div>\n\t\t\t\t<\/div>\n\t\t\t\t<\/div>\n\t\t","protected":false},"excerpt":{"rendered":"<p>Es el evento m\u00e1s importante de la industria inmobiliaria enLatinoam\u00e9rica que reunir\u00e1 en Ecuador, a los principales exponentes,asociaciones y organizaciones [&hellip;]<\/p>\n","protected":false},"author":2,"featured_media":1033,"comment_status":"open","ping_status":"open","sticky":false,"template":"","format":"standard","meta":{"site-sidebar-layout":"default","site-content-layout":"","ast-site-content-layout":"default","site-content-style":"default","site-sidebar-style":"default","ast-global-header-display":"","ast-banner-title-visibility":"","ast-main-header-display":"","ast-hfb-above-header-display":"","ast-hfb-below-header-display":"","ast-hfb-mobile-header-display":"","site-post-title":"","ast-breadcrumbs-content":"","ast-featured-img":"","footer-sml-layout":"","ast-disable-related-posts":"","theme-transparent-header-meta":"","adv-header-id-meta":"","stick-header-meta":"","header-above-stick-meta":"","header-main-stick-meta":"","header-below-stick-meta":"","astra-migrate-meta-layouts":"default","ast-page-background-enabled":"default","ast-page-background-meta":{"desktop":{"background-color":"var(--ast-global-color-4)","background-image":"","background-repeat":"repeat","background-position":"center center","background-size":"auto","background-attachment":"scroll","background-type":"","background-media":"","overlay-type":"","overlay-color":"","overlay-opacity":"","overlay-gradient":""},"tablet":{"background-color":"","background-image":"","background-repeat":"repeat","background-position":"center center","background-size":"auto","background-attachment":"scroll","background-type":"","background-media":"","overlay-type":"","overlay-color":"","overlay-opacity":"","overlay-gradient":""},"mobile":{"background-color":"","background-image":"","background-repeat":"repeat","background-position":"center center","background-size":"auto","background-attachment":"scroll","background-type":"","background-media":"","overlay-type":"","overlay-color":"","overlay-opacity":"","overlay-gradient":""}},"ast-content-background-meta":{"desktop":{"background-color":"var(--ast-global-color-5)","background-image":"","background-repeat":"repeat","background-position":"center center","background-size":"auto","background-attachment":"scroll","background-type":"","background-media":"","overlay-type":"","overlay-color":"","overlay-opacity":"","overlay-gradient":""},"tablet":{"background-color":"var(--ast-global-color-5)","background-image":"","background-repeat":"repeat","background-position":"center center","background-size":"auto","background-attachment":"scroll","background-type":"","background-media":"","overlay-type":"","overlay-color":"","overlay-opacity":"","overlay-gradient":""},"mobile":{"background-color":"var(--ast-global-color-5)","background-image":"","background-repeat":"repeat","background-position":"center center","background-size":"auto","background-attachment":"scroll","background-type":"","background-media":"","overlay-type":"","overlay-color":"","overlay-opacity":"","overlay-gradient":""}},"footnotes":""},"categories":[8],"tags":[],"auspiciantes":[],"class_list":["post-1032","post","type-post","status-publish","format-standard","has-post-thumbnail","hentry","category-cursos"],"yoast_head":"<!-- This site is optimized with the Yoast SEO plugin v27.4 - https:\/\/yoast.com\/product\/yoast-seo-wordpress\/ -->\n<title>IX CONGRESO INMOBILIARIO LATINOAMERICANO CILA ECUADOR 2024 - ACBIR PICHINCHA<\/title>\n<meta name=\"robots\" content=\"index, follow, max-snippet:-1, max-image-preview:large, max-video-preview:-1\" \/>\n<link rel=\"canonical\" href=\"https:\/\/acbirpichincha.com.ec\/index.php\/2024\/08\/07\/ix-congreso-inmobiliario-latinoamericano-cila-ecuador-2024\/\" \/>\n<meta property=\"og:locale\" content=\"es_ES\" \/>\n<meta property=\"og:type\" content=\"article\" \/>\n<meta property=\"og:title\" content=\"IX CONGRESO INMOBILIARIO LATINOAMERICANO CILA ECUADOR 2024 - ACBIR PICHINCHA\" \/>\n<meta property=\"og:description\" content=\"Es el evento m\u00e1s importante de la industria inmobiliaria enLatinoam\u00e9rica que reunir\u00e1 en Ecuador, a los principales exponentes,asociaciones y organizaciones [&hellip;]\" \/>\n<meta property=\"og:url\" content=\"https:\/\/acbirpichincha.com.ec\/index.php\/2024\/08\/07\/ix-congreso-inmobiliario-latinoamericano-cila-ecuador-2024\/\" \/>\n<meta property=\"og:site_name\" content=\"ACBIR PICHINCHA\" \/>\n<meta property=\"article:publisher\" content=\"https:\/\/www.facebook.com\/ACBRP\" \/>\n<meta property=\"article:published_time\" content=\"2024-08-07T21:24:53+00:00\" \/>\n<meta property=\"article:modified_time\" content=\"2024-10-22T20:08:21+00:00\" \/>\n<meta property=\"og:image\" content=\"https:\/\/acbirpichincha.com.ec\/wp-content\/uploads\/2024\/08\/POST-EXPECTATIVA-1-1.jpeg\" \/>\n\t<meta property=\"og:image:width\" content=\"1080\" \/>\n\t<meta property=\"og:image:height\" content=\"1080\" \/>\n\t<meta property=\"og:image:type\" content=\"image\/jpeg\" \/>\n<meta name=\"author\" content=\"acbir\" \/>\n<meta name=\"twitter:card\" content=\"summary_large_image\" \/>\n<meta name=\"twitter:label1\" content=\"Escrito por\" \/>\n\t<meta name=\"twitter:data1\" content=\"acbir\" \/>\n\t<meta name=\"twitter:label2\" content=\"Tiempo de lectura\" \/>\n\t<meta name=\"twitter:data2\" content=\"2 minutos\" \/>\n<script type=\"application\/ld+json\" class=\"yoast-schema-graph\">{\"@context\":\"https:\\\/\\\/schema.org\",\"@graph\":[{\"@type\":\"Article\",\"@id\":\"https:\\\/\\\/acbirpichincha.com.ec\\\/index.php\\\/2024\\\/08\\\/07\\\/ix-congreso-inmobiliario-latinoamericano-cila-ecuador-2024\\\/#article\",\"isPartOf\":{\"@id\":\"https:\\\/\\\/acbirpichincha.com.ec\\\/index.php\\\/2024\\\/08\\\/07\\\/ix-congreso-inmobiliario-latinoamericano-cila-ecuador-2024\\\/\"},\"author\":{\"name\":\"acbir\",\"@id\":\"https:\\\/\\\/acbirpichincha.com.ec\\\/#\\\/schema\\\/person\\\/a9532c468183d581817ad2d662e4cff6\"},\"headline\":\"IX CONGRESO INMOBILIARIO LATINOAMERICANO CILA ECUADOR 2024\",\"datePublished\":\"2024-08-07T21:24:53+00:00\",\"dateModified\":\"2024-10-22T20:08:21+00:00\",\"mainEntityOfPage\":{\"@id\":\"https:\\\/\\\/acbirpichincha.com.ec\\\/index.php\\\/2024\\\/08\\\/07\\\/ix-congreso-inmobiliario-latinoamericano-cila-ecuador-2024\\\/\"},\"wordCount\":280,\"commentCount\":0,\"publisher\":{\"@id\":\"https:\\\/\\\/acbirpichincha.com.ec\\\/#organization\"},\"image\":{\"@id\":\"https:\\\/\\\/acbirpichincha.com.ec\\\/index.php\\\/2024\\\/08\\\/07\\\/ix-congreso-inmobiliario-latinoamericano-cila-ecuador-2024\\\/#primaryimage\"},\"thumbnailUrl\":\"https:\\\/\\\/acbirpichincha.com.ec\\\/wp-content\\\/uploads\\\/2024\\\/08\\\/POST-EXPECTATIVA-1-1.jpeg\",\"articleSection\":[\"cursos\"],\"inLanguage\":\"es\",\"potentialAction\":[{\"@type\":\"CommentAction\",\"name\":\"Comment\",\"target\":[\"https:\\\/\\\/acbirpichincha.com.ec\\\/index.php\\\/2024\\\/08\\\/07\\\/ix-congreso-inmobiliario-latinoamericano-cila-ecuador-2024\\\/#respond\"]}]},{\"@type\":\"WebPage\",\"@id\":\"https:\\\/\\\/acbirpichincha.com.ec\\\/index.php\\\/2024\\\/08\\\/07\\\/ix-congreso-inmobiliario-latinoamericano-cila-ecuador-2024\\\/\",\"url\":\"https:\\\/\\\/acbirpichincha.com.ec\\\/index.php\\\/2024\\\/08\\\/07\\\/ix-congreso-inmobiliario-latinoamericano-cila-ecuador-2024\\\/\",\"name\":\"IX CONGRESO INMOBILIARIO LATINOAMERICANO CILA ECUADOR 2024 - ACBIR PICHINCHA\",\"isPartOf\":{\"@id\":\"https:\\\/\\\/acbirpichincha.com.ec\\\/#website\"},\"primaryImageOfPage\":{\"@id\":\"https:\\\/\\\/acbirpichincha.com.ec\\\/index.php\\\/2024\\\/08\\\/07\\\/ix-congreso-inmobiliario-latinoamericano-cila-ecuador-2024\\\/#primaryimage\"},\"image\":{\"@id\":\"https:\\\/\\\/acbirpichincha.com.ec\\\/index.php\\\/2024\\\/08\\\/07\\\/ix-congreso-inmobiliario-latinoamericano-cila-ecuador-2024\\\/#primaryimage\"},\"thumbnailUrl\":\"https:\\\/\\\/acbirpichincha.com.ec\\\/wp-content\\\/uploads\\\/2024\\\/08\\\/POST-EXPECTATIVA-1-1.jpeg\",\"datePublished\":\"2024-08-07T21:24:53+00:00\",\"dateModified\":\"2024-10-22T20:08:21+00:00\",\"breadcrumb\":{\"@id\":\"https:\\\/\\\/acbirpichincha.com.ec\\\/index.php\\\/2024\\\/08\\\/07\\\/ix-congreso-inmobiliario-latinoamericano-cila-ecuador-2024\\\/#breadcrumb\"},\"inLanguage\":\"es\",\"potentialAction\":[{\"@type\":\"ReadAction\",\"target\":[\"https:\\\/\\\/acbirpichincha.com.ec\\\/index.php\\\/2024\\\/08\\\/07\\\/ix-congreso-inmobiliario-latinoamericano-cila-ecuador-2024\\\/\"]}]},{\"@type\":\"ImageObject\",\"inLanguage\":\"es\",\"@id\":\"https:\\\/\\\/acbirpichincha.com.ec\\\/index.php\\\/2024\\\/08\\\/07\\\/ix-congreso-inmobiliario-latinoamericano-cila-ecuador-2024\\\/#primaryimage\",\"url\":\"https:\\\/\\\/acbirpichincha.com.ec\\\/wp-content\\\/uploads\\\/2024\\\/08\\\/POST-EXPECTATIVA-1-1.jpeg\",\"contentUrl\":\"https:\\\/\\\/acbirpichincha.com.ec\\\/wp-content\\\/uploads\\\/2024\\\/08\\\/POST-EXPECTATIVA-1-1.jpeg\",\"width\":1080,\"height\":1080},{\"@type\":\"BreadcrumbList\",\"@id\":\"https:\\\/\\\/acbirpichincha.com.ec\\\/index.php\\\/2024\\\/08\\\/07\\\/ix-congreso-inmobiliario-latinoamericano-cila-ecuador-2024\\\/#breadcrumb\",\"itemListElement\":[{\"@type\":\"ListItem\",\"position\":1,\"name\":\"Portada\",\"item\":\"https:\\\/\\\/acbirpichincha.com.ec\\\/\"},{\"@type\":\"ListItem\",\"position\":2,\"name\":\"IX CONGRESO INMOBILIARIO LATINOAMERICANO CILA ECUADOR 2024\"}]},{\"@type\":\"WebSite\",\"@id\":\"https:\\\/\\\/acbirpichincha.com.ec\\\/#website\",\"url\":\"https:\\\/\\\/acbirpichincha.com.ec\\\/\",\"name\":\"ACBIR PICHINCHA\",\"description\":\"Asociacion de Corredores de Bienes Ra\u00edces\",\"publisher\":{\"@id\":\"https:\\\/\\\/acbirpichincha.com.ec\\\/#organization\"},\"potentialAction\":[{\"@type\":\"SearchAction\",\"target\":{\"@type\":\"EntryPoint\",\"urlTemplate\":\"https:\\\/\\\/acbirpichincha.com.ec\\\/?s={search_term_string}\"},\"query-input\":{\"@type\":\"PropertyValueSpecification\",\"valueRequired\":true,\"valueName\":\"search_term_string\"}}],\"inLanguage\":\"es\"},{\"@type\":\"Organization\",\"@id\":\"https:\\\/\\\/acbirpichincha.com.ec\\\/#organization\",\"name\":\"Asociaci\u00f3n de Corredores de Bienes Ra\u00edces de Pichincha\",\"url\":\"https:\\\/\\\/acbirpichincha.com.ec\\\/\",\"logo\":{\"@type\":\"ImageObject\",\"inLanguage\":\"es\",\"@id\":\"https:\\\/\\\/acbirpichincha.com.ec\\\/#\\\/schema\\\/logo\\\/image\\\/\",\"url\":\"https:\\\/\\\/acbirpichincha.com.ec\\\/wp-content\\\/uploads\\\/2025\\\/09\\\/logo-oficial-ACBIR-1-300x123-1.webp\",\"contentUrl\":\"https:\\\/\\\/acbirpichincha.com.ec\\\/wp-content\\\/uploads\\\/2025\\\/09\\\/logo-oficial-ACBIR-1-300x123-1.webp\",\"width\":300,\"height\":123,\"caption\":\"Asociaci\u00f3n de Corredores de Bienes Ra\u00edces de Pichincha\"},\"image\":{\"@id\":\"https:\\\/\\\/acbirpichincha.com.ec\\\/#\\\/schema\\\/logo\\\/image\\\/\"},\"sameAs\":[\"https:\\\/\\\/www.facebook.com\\\/ACBRP\",\"https:\\\/\\\/www.instagram.com\\\/acbir_pichincha\\\/\"]},{\"@type\":\"Person\",\"@id\":\"https:\\\/\\\/acbirpichincha.com.ec\\\/#\\\/schema\\\/person\\\/a9532c468183d581817ad2d662e4cff6\",\"name\":\"acbir\",\"image\":{\"@type\":\"ImageObject\",\"inLanguage\":\"es\",\"@id\":\"https:\\\/\\\/secure.gravatar.com\\\/avatar\\\/c4cf3d34e8bca778a4c97a43bffc4f6345dc1ae7d02e93e64dc12f11b9cea661?s=96&d=mm&r=g\",\"url\":\"https:\\\/\\\/secure.gravatar.com\\\/avatar\\\/c4cf3d34e8bca778a4c97a43bffc4f6345dc1ae7d02e93e64dc12f11b9cea661?s=96&d=mm&r=g\",\"contentUrl\":\"https:\\\/\\\/secure.gravatar.com\\\/avatar\\\/c4cf3d34e8bca778a4c97a43bffc4f6345dc1ae7d02e93e64dc12f11b9cea661?s=96&d=mm&r=g\",\"caption\":\"acbir\"},\"url\":\"https:\\\/\\\/acbirpichincha.com.ec\\\/index.php\\\/author\\\/acbir\\\/\"}]}<\/script>\n<!-- \/ Yoast SEO plugin. -->","yoast_head_json":{"title":"IX CONGRESO INMOBILIARIO LATINOAMERICANO CILA ECUADOR 2024 - ACBIR PICHINCHA","robots":{"index":"index","follow":"follow","max-snippet":"max-snippet:-1","max-image-preview":"max-image-preview:large","max-video-preview":"max-video-preview:-1"},"canonical":"https:\/\/acbirpichincha.com.ec\/index.php\/2024\/08\/07\/ix-congreso-inmobiliario-latinoamericano-cila-ecuador-2024\/","og_locale":"es_ES","og_type":"article","og_title":"IX CONGRESO INMOBILIARIO LATINOAMERICANO CILA ECUADOR 2024 - ACBIR PICHINCHA","og_description":"Es el evento m\u00e1s importante de la industria inmobiliaria enLatinoam\u00e9rica que reunir\u00e1 en Ecuador, a los principales exponentes,asociaciones y organizaciones [&hellip;]","og_url":"https:\/\/acbirpichincha.com.ec\/index.php\/2024\/08\/07\/ix-congreso-inmobiliario-latinoamericano-cila-ecuador-2024\/","og_site_name":"ACBIR PICHINCHA","article_publisher":"https:\/\/www.facebook.com\/ACBRP","article_published_time":"2024-08-07T21:24:53+00:00","article_modified_time":"2024-10-22T20:08:21+00:00","og_image":[{"width":1080,"height":1080,"url":"https:\/\/acbirpichincha.com.ec\/wp-content\/uploads\/2024\/08\/POST-EXPECTATIVA-1-1.jpeg","type":"image\/jpeg"}],"author":"acbir","twitter_card":"summary_large_image","twitter_misc":{"Escrito por":"acbir","Tiempo de lectura":"2 minutos"},"schema":{"@context":"https:\/\/schema.org","@graph":[{"@type":"Article","@id":"https:\/\/acbirpichincha.com.ec\/index.php\/2024\/08\/07\/ix-congreso-inmobiliario-latinoamericano-cila-ecuador-2024\/#article","isPartOf":{"@id":"https:\/\/acbirpichincha.com.ec\/index.php\/2024\/08\/07\/ix-congreso-inmobiliario-latinoamericano-cila-ecuador-2024\/"},"author":{"name":"acbir","@id":"https:\/\/acbirpichincha.com.ec\/#\/schema\/person\/a9532c468183d581817ad2d662e4cff6"},"headline":"IX CONGRESO INMOBILIARIO LATINOAMERICANO CILA ECUADOR 2024","datePublished":"2024-08-07T21:24:53+00:00","dateModified":"2024-10-22T20:08:21+00:00","mainEntityOfPage":{"@id":"https:\/\/acbirpichincha.com.ec\/index.php\/2024\/08\/07\/ix-congreso-inmobiliario-latinoamericano-cila-ecuador-2024\/"},"wordCount":280,"commentCount":0,"publisher":{"@id":"https:\/\/acbirpichincha.com.ec\/#organization"},"image":{"@id":"https:\/\/acbirpichincha.com.ec\/index.php\/2024\/08\/07\/ix-congreso-inmobiliario-latinoamericano-cila-ecuador-2024\/#primaryimage"},"thumbnailUrl":"https:\/\/acbirpichincha.com.ec\/wp-content\/uploads\/2024\/08\/POST-EXPECTATIVA-1-1.jpeg","articleSection":["cursos"],"inLanguage":"es","potentialAction":[{"@type":"CommentAction","name":"Comment","target":["https:\/\/acbirpichincha.com.ec\/index.php\/2024\/08\/07\/ix-congreso-inmobiliario-latinoamericano-cila-ecuador-2024\/#respond"]}]},{"@type":"WebPage","@id":"https:\/\/acbirpichincha.com.ec\/index.php\/2024\/08\/07\/ix-congreso-inmobiliario-latinoamericano-cila-ecuador-2024\/","url":"https:\/\/acbirpichincha.com.ec\/index.php\/2024\/08\/07\/ix-congreso-inmobiliario-latinoamericano-cila-ecuador-2024\/","name":"IX CONGRESO INMOBILIARIO LATINOAMERICANO CILA ECUADOR 2024 - ACBIR PICHINCHA","isPartOf":{"@id":"https:\/\/acbirpichincha.com.ec\/#website"},"primaryImageOfPage":{"@id":"https:\/\/acbirpichincha.com.ec\/index.php\/2024\/08\/07\/ix-congreso-inmobiliario-latinoamericano-cila-ecuador-2024\/#primaryimage"},"image":{"@id":"https:\/\/acbirpichincha.com.ec\/index.php\/2024\/08\/07\/ix-congreso-inmobiliario-latinoamericano-cila-ecuador-2024\/#primaryimage"},"thumbnailUrl":"https:\/\/acbirpichincha.com.ec\/wp-content\/uploads\/2024\/08\/POST-EXPECTATIVA-1-1.jpeg","datePublished":"2024-08-07T21:24:53+00:00","dateModified":"2024-10-22T20:08:21+00:00","breadcrumb":{"@id":"https:\/\/acbirpichincha.com.ec\/index.php\/2024\/08\/07\/ix-congreso-inmobiliario-latinoamericano-cila-ecuador-2024\/#breadcrumb"},"inLanguage":"es","potentialAction":[{"@type":"ReadAction","target":["https:\/\/acbirpichincha.com.ec\/index.php\/2024\/08\/07\/ix-congreso-inmobiliario-latinoamericano-cila-ecuador-2024\/"]}]},{"@type":"ImageObject","inLanguage":"es","@id":"https:\/\/acbirpichincha.com.ec\/index.php\/2024\/08\/07\/ix-congreso-inmobiliario-latinoamericano-cila-ecuador-2024\/#primaryimage","url":"https:\/\/acbirpichincha.com.ec\/wp-content\/uploads\/2024\/08\/POST-EXPECTATIVA-1-1.jpeg","contentUrl":"https:\/\/acbirpichincha.com.ec\/wp-content\/uploads\/2024\/08\/POST-EXPECTATIVA-1-1.jpeg","width":1080,"height":1080},{"@type":"BreadcrumbList","@id":"https:\/\/acbirpichincha.com.ec\/index.php\/2024\/08\/07\/ix-congreso-inmobiliario-latinoamericano-cila-ecuador-2024\/#breadcrumb","itemListElement":[{"@type":"ListItem","position":1,"name":"Portada","item":"https:\/\/acbirpichincha.com.ec\/"},{"@type":"ListItem","position":2,"name":"IX CONGRESO INMOBILIARIO LATINOAMERICANO CILA ECUADOR 2024"}]},{"@type":"WebSite","@id":"https:\/\/acbirpichincha.com.ec\/#website","url":"https:\/\/acbirpichincha.com.ec\/","name":"ACBIR PICHINCHA","description":"Asociacion de Corredores de Bienes Ra\u00edces","publisher":{"@id":"https:\/\/acbirpichincha.com.ec\/#organization"},"potentialAction":[{"@type":"SearchAction","target":{"@type":"EntryPoint","urlTemplate":"https:\/\/acbirpichincha.com.ec\/?s={search_term_string}"},"query-input":{"@type":"PropertyValueSpecification","valueRequired":true,"valueName":"search_term_string"}}],"inLanguage":"es"},{"@type":"Organization","@id":"https:\/\/acbirpichincha.com.ec\/#organization","name":"Asociaci\u00f3n de Corredores de Bienes Ra\u00edces de Pichincha","url":"https:\/\/acbirpichincha.com.ec\/","logo":{"@type":"ImageObject","inLanguage":"es","@id":"https:\/\/acbirpichincha.com.ec\/#\/schema\/logo\/image\/","url":"https:\/\/acbirpichincha.com.ec\/wp-content\/uploads\/2025\/09\/logo-oficial-ACBIR-1-300x123-1.webp","contentUrl":"https:\/\/acbirpichincha.com.ec\/wp-content\/uploads\/2025\/09\/logo-oficial-ACBIR-1-300x123-1.webp","width":300,"height":123,"caption":"Asociaci\u00f3n de Corredores de Bienes Ra\u00edces de Pichincha"},"image":{"@id":"https:\/\/acbirpichincha.com.ec\/#\/schema\/logo\/image\/"},"sameAs":["https:\/\/www.facebook.com\/ACBRP","https:\/\/www.instagram.com\/acbir_pichincha\/"]},{"@type":"Person","@id":"https:\/\/acbirpichincha.com.ec\/#\/schema\/person\/a9532c468183d581817ad2d662e4cff6","name":"acbir","image":{"@type":"ImageObject","inLanguage":"es","@id":"https:\/\/secure.gravatar.com\/avatar\/c4cf3d34e8bca778a4c97a43bffc4f6345dc1ae7d02e93e64dc12f11b9cea661?s=96&d=mm&r=g","url":"https:\/\/secure.gravatar.com\/avatar\/c4cf3d34e8bca778a4c97a43bffc4f6345dc1ae7d02e93e64dc12f11b9cea661?s=96&d=mm&r=g","contentUrl":"https:\/\/secure.gravatar.com\/avatar\/c4cf3d34e8bca778a4c97a43bffc4f6345dc1ae7d02e93e64dc12f11b9cea661?s=96&d=mm&r=g","caption":"acbir"},"url":"https:\/\/acbirpichincha.com.ec\/index.php\/author\/acbir\/"}]}},"_links":{"self":[{"href":"https:\/\/acbirpichincha.com.ec\/index.php\/wp-json\/wp\/v2\/posts\/1032","targetHints":{"allow":["GET"]}}],"collection":[{"href":"https:\/\/acbirpichincha.com.ec\/index.php\/wp-json\/wp\/v2\/posts"}],"about":[{"href":"https:\/\/acbirpichincha.com.ec\/index.php\/wp-json\/wp\/v2\/types\/post"}],"author":[{"embeddable":true,"href":"https:\/\/acbirpichincha.com.ec\/index.php\/wp-json\/wp\/v2\/users\/2"}],"replies":[{"embeddable":true,"href":"https:\/\/acbirpichincha.com.ec\/index.php\/wp-json\/wp\/v2\/comments?post=1032"}],"version-history":[{"count":19,"href":"https:\/\/acbirpichincha.com.ec\/index.php\/wp-json\/wp\/v2\/posts\/1032\/revisions"}],"predecessor-version":[{"id":1068,"href":"https:\/\/acbirpichincha.com.ec\/index.php\/wp-json\/wp\/v2\/posts\/1032\/revisions\/1068"}],"wp:featuredmedia":[{"embeddable":true,"href":"https:\/\/acbirpichincha.com.ec\/index.php\/wp-json\/wp\/v2\/media\/1033"}],"wp:attachment":[{"href":"https:\/\/acbirpichincha.com.ec\/index.php\/wp-json\/wp\/v2\/media?parent=1032"}],"wp:term":[{"taxonomy":"category","embeddable":true,"href":"https:\/\/acbirpichincha.com.ec\/index.php\/wp-json\/wp\/v2\/categories?post=1032"},{"taxonomy":"post_tag","embeddable":true,"href":"https:\/\/acbirpichincha.com.ec\/index.php\/wp-json\/wp\/v2\/tags?post=1032"},{"taxonomy":"auspiciantes","embeddable":true,"href":"https:\/\/acbirpichincha.com.ec\/index.php\/wp-json\/wp\/v2\/auspiciantes?post=1032"}],"curies":[{"name":"wp","href":"https:\/\/api.w.org\/{rel}","templated":true}]}}